[{"@context":"https:\/\/schema.org\/","@type":"Blog","@id":"https:\/\/www.domecz.cz#Blog","headline":"Dome CZ","description":"\nP\u0159ipad\u00e1 v\u00e1m nab\u00eddka na n\u011bkter\u00e9m webu p\u0159ece jenom podez\u0159el\u00e1? Pak rad\u011bji neriskujte a zami\u0159te k n\u00e1m. Bude to lep\u0161\u00ed \u0159e\u0161en\u00ed ne\u017e pozd\u011bji hledat virtu\u00e1ln\u00ed podvodn\u00edky.","url":"https:\/\/www.domecz.cz","hasPart":[{"@type":"Article","@id":"https:\/\/www.domecz.cz\/zubate-zlo\/","headline":"Zubat\u00e9 zlo","url":"https:\/\/www.domecz.cz\/zubate-zlo\/","datePublished":"2025-08-20","dateModified":"2025-08-20","mainEntityOfPage":"https:\/\/www.domecz.cz\/zubate-zlo\/","author":{"@type":"Person","@id":"https:\/\/www.domecz.cz\/author\/devene\/#Person","name":"devene","url":"https:\/\/www.domecz.cz\/author\/devene\/","identifier":1,"image":{"@type":"ImageObject","@id":"https:\/\/secure.gravatar.com\/avatar\/ccdd701717dc93db07d73e0c11dbbb8b91524cccc3bfbd3baea83667a3ebf5d6?s=96&d=mm&r=g","url":"https:\/\/secure.gravatar.com\/avatar\/ccdd701717dc93db07d73e0c11dbbb8b91524cccc3bfbd3baea83667a3ebf5d6?s=96&d=mm&r=g","height":96,"width":96}},"publisher":{"@type":"Organization","name":"domecz.cz","logo":{"@type":"ImageObject","@id":"\/logo.png","url":"\/logo.png","width":600,"height":60}},"image":{"@type":"ImageObject","@id":"https:\/\/www.domecz.cz\/wp-content\/uploads\/rat-9788638_640.jpg","url":"https:\/\/www.domecz.cz\/wp-content\/uploads\/rat-9788638_640.jpg","height":0,"width":0},"wordCount":607,"keywords":null},{"@type":"Article","@id":"https:\/\/www.domecz.cz\/trh-s-nemovitostmi\/","headline":"Trh s nemovitostmi","url":"https:\/\/www.domecz.cz\/trh-s-nemovitostmi\/","datePublished":"2025-07-01","dateModified":"2025-07-01","mainEntityOfPage":"https:\/\/www.domecz.cz\/trh-s-nemovitostmi\/","author":{"@type":"Person","@id":"https:\/\/www.domecz.cz\/author\/devene\/#Person","name":"devene","url":"https:\/\/www.domecz.cz\/author\/devene\/","identifier":1,"image":{"@type":"ImageObject","@id":"https:\/\/secure.gravatar.com\/avatar\/ccdd701717dc93db07d73e0c11dbbb8b91524cccc3bfbd3baea83667a3ebf5d6?s=96&d=mm&r=g","url":"https:\/\/secure.gravatar.com\/avatar\/ccdd701717dc93db07d73e0c11dbbb8b91524cccc3bfbd3baea83667a3ebf5d6?s=96&d=mm&r=g","height":96,"width":96}},"publisher":{"@type":"Organization","name":"domecz.cz","logo":{"@type":"ImageObject","@id":"\/logo.png","url":"\/logo.png","width":600,"height":60}},"image":{"@type":"ImageObject","@id":"https:\/\/www.domecz.cz\/wp-content\/uploads\/housebuilding-3370969_640_4.jpg","url":"https:\/\/www.domecz.cz\/wp-content\/uploads\/housebuilding-3370969_640_4.jpg","height":0,"width":0},"wordCount":577,"keywords":null},{"@type":"Article","@id":"https:\/\/www.domecz.cz\/mladi-a-koureni\/","headline":"Mlad\u00ed a kou\u0159en\u00ed","url":"https:\/\/www.domecz.cz\/mladi-a-koureni\/","datePublished":"2025-07-01","dateModified":"2025-07-01","mainEntityOfPage":"https:\/\/www.domecz.cz\/mladi-a-koureni\/","author":{"@type":"Person","@id":"https:\/\/www.domecz.cz\/author\/devene\/#Person","name":"devene","url":"https:\/\/www.domecz.cz\/author\/devene\/","identifier":1,"image":{"@type":"ImageObject","@id":"https:\/\/secure.gravatar.com\/avatar\/ccdd701717dc93db07d73e0c11dbbb8b91524cccc3bfbd3baea83667a3ebf5d6?s=96&d=mm&r=g","url":"https:\/\/secure.gravatar.com\/avatar\/ccdd701717dc93db07d73e0c11dbbb8b91524cccc3bfbd3baea83667a3ebf5d6?s=96&d=mm&r=g","height":96,"width":96}},"publisher":{"@type":"Organization","name":"domecz.cz","logo":{"@type":"ImageObject","@id":"\/logo.png","url":"\/logo.png","width":600,"height":60}},"image":{"@type":"ImageObject","@id":"https:\/\/www.domecz.cz\/wp-content\/uploads\/beauty-2843930_640_9.jpg","url":"https:\/\/www.domecz.cz\/wp-content\/uploads\/beauty-2843930_640_9.jpg","height":0,"width":0},"wordCount":579,"keywords":null},{"@type":"Article","@id":"https:\/\/www.domecz.cz\/nemoc-veku\/","headline":"Nemoc v\u011bku","url":"https:\/\/www.domecz.cz\/nemoc-veku\/","datePublished":"2025-06-06","dateModified":"2025-06-06","mainEntityOfPage":"https:\/\/www.domecz.cz\/nemoc-veku\/","author":{"@type":"Person","@id":"https:\/\/www.domecz.cz\/author\/devene\/#Person","name":"devene","url":"https:\/\/www.domecz.cz\/author\/devene\/","identifier":1,"image":{"@type":"ImageObject","@id":"https:\/\/secure.gravatar.com\/avatar\/ccdd701717dc93db07d73e0c11dbbb8b91524cccc3bfbd3baea83667a3ebf5d6?s=96&d=mm&r=g","url":"https:\/\/secure.gravatar.com\/avatar\/ccdd701717dc93db07d73e0c11dbbb8b91524cccc3bfbd3baea83667a3ebf5d6?s=96&d=mm&r=g","height":96,"width":96}},"publisher":{"@type":"Organization","name":"domecz.cz","logo":{"@type":"ImageObject","@id":"\/logo.png","url":"\/logo.png","width":600,"height":60}},"image":{"@type":"ImageObject","@id":"https:\/\/www.domecz.cz\/wp-content\/uploads\/bedroom-416062_640_10_9.jpg","url":"https:\/\/www.domecz.cz\/wp-content\/uploads\/bedroom-416062_640_10_9.jpg","height":0,"width":0},"wordCount":557,"keywords":null},{"@type":"Article","@id":"https:\/\/www.domecz.cz\/duvera-v-papirovy-zapisnik-se-vyplaci\/","headline":"D\u016fv\u011bra v pap\u00edrov\u00fd z\u00e1pisn\u00edk se vypl\u00e1c\u00ed","url":"https:\/\/www.domecz.cz\/duvera-v-papirovy-zapisnik-se-vyplaci\/","datePublished":"2025-06-01","dateModified":"2025-06-01","mainEntityOfPage":"https:\/\/www.domecz.cz\/duvera-v-papirovy-zapisnik-se-vyplaci\/","author":{"@type":"Person","@id":"https:\/\/www.domecz.cz\/author\/devene\/#Person","name":"devene","url":"https:\/\/www.domecz.cz\/author\/devene\/","identifier":1,"image":{"@type":"ImageObject","@id":"https:\/\/secure.gravatar.com\/avatar\/ccdd701717dc93db07d73e0c11dbbb8b91524cccc3bfbd3baea83667a3ebf5d6?s=96&d=mm&r=g","url":"https:\/\/secure.gravatar.com\/avatar\/ccdd701717dc93db07d73e0c11dbbb8b91524cccc3bfbd3baea83667a3ebf5d6?s=96&d=mm&r=g","height":96,"width":96}},"publisher":{"@type":"Organization","name":"domecz.cz","logo":{"@type":"ImageObject","@id":"\/logo.png","url":"\/logo.png","width":600,"height":60}},"image":{"@type":"ImageObject","@id":"https:\/\/www.domecz.cz\/wp-content\/uploads\/notes-3236566_640.jpg","url":"https:\/\/www.domecz.cz\/wp-content\/uploads\/notes-3236566_640.jpg","height":0,"width":0},"wordCount":523,"keywords":null},{"@type":"Article","@id":"https:\/\/www.domecz.cz\/tvorba-webovych-stranek\/","headline":"Tvorba webov\u00fdch str\u00e1nek","url":"https:\/\/www.domecz.cz\/tvorba-webovych-stranek\/","datePublished":"2025-04-27","dateModified":"2025-04-27","mainEntityOfPage":"https:\/\/www.domecz.cz\/tvorba-webovych-stranek\/","author":{"@type":"Person","@id":"https:\/\/www.domecz.cz\/author\/devene\/#Person","name":"devene","url":"https:\/\/www.domecz.cz\/author\/devene\/","identifier":1,"image":{"@type":"ImageObject","@id":"https:\/\/secure.gravatar.com\/avatar\/ccdd701717dc93db07d73e0c11dbbb8b91524cccc3bfbd3baea83667a3ebf5d6?s=96&d=mm&r=g","url":"https:\/\/secure.gravatar.com\/avatar\/ccdd701717dc93db07d73e0c11dbbb8b91524cccc3bfbd3baea83667a3ebf5d6?s=96&d=mm&r=g","height":96,"width":96}},"publisher":{"@type":"Organization","name":"domecz.cz","logo":{"@type":"ImageObject","@id":"\/logo.png","url":"\/logo.png","width":600,"height":60}},"image":null,"wordCount":226,"keywords":null},{"@type":"Article","@id":"https:\/\/www.domecz.cz\/elektronicka-cigareta\/","headline":"Elektronick\u00e1 cigareta","url":"https:\/\/www.domecz.cz\/elektronicka-cigareta\/","datePublished":"2025-04-18","dateModified":"2025-04-18","mainEntityOfPage":"https:\/\/www.domecz.cz\/elektronicka-cigareta\/","author":{"@type":"Person","@id":"https:\/\/www.domecz.cz\/author\/devene\/#Person","name":"devene","url":"https:\/\/www.domecz.cz\/author\/devene\/","identifier":1,"image":{"@type":"ImageObject","@id":"https:\/\/secure.gravatar.com\/avatar\/ccdd701717dc93db07d73e0c11dbbb8b91524cccc3bfbd3baea83667a3ebf5d6?s=96&d=mm&r=g","url":"https:\/\/secure.gravatar.com\/avatar\/ccdd701717dc93db07d73e0c11dbbb8b91524cccc3bfbd3baea83667a3ebf5d6?s=96&d=mm&r=g","height":96,"width":96}},"publisher":{"@type":"Organization","name":"domecz.cz","logo":{"@type":"ImageObject","@id":"\/logo.png","url":"\/logo.png","width":600,"height":60}},"image":null,"wordCount":222,"keywords":null},{"@type":"Article","@id":"https:\/\/www.domecz.cz\/nabytek-ze-dreva-vam-alergii-nezpusobi\/","headline":"N\u00e1bytek ze d\u0159eva v\u00e1m alergii nezp\u016fsob\u00ed","url":"https:\/\/www.domecz.cz\/nabytek-ze-dreva-vam-alergii-nezpusobi\/","datePublished":"2025-04-13","dateModified":"2025-04-13","mainEntityOfPage":"https:\/\/www.domecz.cz\/nabytek-ze-dreva-vam-alergii-nezpusobi\/","author":{"@type":"Person","@id":"https:\/\/www.domecz.cz\/author\/devene\/#Person","name":"devene","url":"https:\/\/www.domecz.cz\/author\/devene\/","identifier":1,"image":{"@type":"ImageObject","@id":"https:\/\/secure.gravatar.com\/avatar\/ccdd701717dc93db07d73e0c11dbbb8b91524cccc3bfbd3baea83667a3ebf5d6?s=96&d=mm&r=g","url":"https:\/\/secure.gravatar.com\/avatar\/ccdd701717dc93db07d73e0c11dbbb8b91524cccc3bfbd3baea83667a3ebf5d6?s=96&d=mm&r=g","height":96,"width":96}},"publisher":{"@type":"Organization","name":"domecz.cz","logo":{"@type":"ImageObject","@id":"\/logo.png","url":"\/logo.png","width":600,"height":60}},"image":null,"wordCount":176,"keywords":null},{"@type":"Article","@id":"https:\/\/www.domecz.cz\/chcete-nabytek-z-masivu\/","headline":"Chcete n\u00e1bytek z masivu","url":"https:\/\/www.domecz.cz\/chcete-nabytek-z-masivu\/","datePublished":"2025-04-05","dateModified":"2025-04-05","mainEntityOfPage":"https:\/\/www.domecz.cz\/chcete-nabytek-z-masivu\/","author":{"@type":"Person","@id":"https:\/\/www.domecz.cz\/author\/devene\/#Person","name":"devene","url":"https:\/\/www.domecz.cz\/author\/devene\/","identifier":1,"image":{"@type":"ImageObject","@id":"https:\/\/secure.gravatar.com\/avatar\/ccdd701717dc93db07d73e0c11dbbb8b91524cccc3bfbd3baea83667a3ebf5d6?s=96&d=mm&r=g","url":"https:\/\/secure.gravatar.com\/avatar\/ccdd701717dc93db07d73e0c11dbbb8b91524cccc3bfbd3baea83667a3ebf5d6?s=96&d=mm&r=g","height":96,"width":96}},"publisher":{"@type":"Organization","name":"domecz.cz","logo":{"@type":"ImageObject","@id":"\/logo.png","url":"\/logo.png","width":600,"height":60}},"image":null,"wordCount":215,"keywords":null},{"@type":"Article","@id":"https:\/\/www.domecz.cz\/bazen-pomuze\/","headline":"Baz\u00e9n pom\u016f\u017ee","url":"https:\/\/www.domecz.cz\/bazen-pomuze\/","datePublished":"2025-03-29","dateModified":"2025-03-29","mainEntityOfPage":"https:\/\/www.domecz.cz\/bazen-pomuze\/","author":{"@type":"Person","@id":"https:\/\/www.domecz.cz\/author\/devene\/#Person","name":"devene","url":"https:\/\/www.domecz.cz\/author\/devene\/","identifier":1,"image":{"@type":"ImageObject","@id":"https:\/\/secure.gravatar.com\/avatar\/ccdd701717dc93db07d73e0c11dbbb8b91524cccc3bfbd3baea83667a3ebf5d6?s=96&d=mm&r=g","url":"https:\/\/secure.gravatar.com\/avatar\/ccdd701717dc93db07d73e0c11dbbb8b91524cccc3bfbd3baea83667a3ebf5d6?s=96&d=mm&r=g","height":96,"width":96}},"publisher":{"@type":"Organization","name":"domecz.cz","logo":{"@type":"ImageObject","@id":"\/logo.png","url":"\/logo.png","width":600,"height":60}},"image":{"@type":"ImageObject","@id":"https:\/\/www.domecz.cz\/wp-content\/uploads\/bbbbbbbbbbbbb_9.jpg","url":"https:\/\/www.domecz.cz\/wp-content\/uploads\/bbbbbbbbbbbbb_9.jpg","height":0,"width":0},"wordCount":689,"keywords":null}]},{"@context":"https:\/\/schema.org","@type":"WebSite","@id":"https:\/\/www.domecz.cz\/#website","name":"Dome CZ","url":"https:\/\/www.domecz.cz","potentialAction":{"@type":"SearchAction","target":"https:\/\/www.domecz.cz\/?s={search_term_string}","query-input":"required name=search_term_string"}}]