[{"@context":"https:\/\/schema.org\/","@type":"Article","@id":"https:\/\/www.domecz.cz\/co-ocenite-pri-uklidu-kancelari-od-profesionalni-uklidove-firmy\/#Article","mainEntityOfPage":"https:\/\/www.domecz.cz\/co-ocenite-pri-uklidu-kancelari-od-profesionalni-uklidove-firmy\/","headline":"Co ocen\u00edte p\u0159i \u00faklidu kancel\u00e1\u0159\u00ed od profesion\u00e1ln\u00ed \u00faklidov\u00e9 firmy","name":"Co ocen\u00edte p\u0159i \u00faklidu kancel\u00e1\u0159\u00ed od profesion\u00e1ln\u00ed \u00faklidov\u00e9 firmy","description":"Pohrdat ukl\u00edze\u010dkami a domn\u00edvat se, \u017ee jsou jaksi pod\u0159adn\u00e9 a<span class=\"more-dots\"><a href=\"https:\/\/www.domecz.cz\/co-ocenite-pri-uklidu-kancelari-od-profesionalni-uklidove-firmy\/\">[ ... ]<\/span><\/a>","datePublished":"2025-01-11","dateModified":"2025-01-11","author":{"@type":"Person","@id":"https:\/\/www.domecz.cz\/author\/devene\/#Person","name":"devene","url":"https:\/\/www.domecz.cz\/author\/devene\/","identifier":1,"image":{"@type":"ImageObject","@id":"https:\/\/secure.gravatar.com\/avatar\/ccdd701717dc93db07d73e0c11dbbb8b91524cccc3bfbd3baea83667a3ebf5d6?s=96&d=mm&r=g","url":"https:\/\/secure.gravatar.com\/avatar\/ccdd701717dc93db07d73e0c11dbbb8b91524cccc3bfbd3baea83667a3ebf5d6?s=96&d=mm&r=g","height":96,"width":96}},"publisher":{"@type":"Organization","name":"domecz.cz","logo":{"@type":"ImageObject","@id":"\/logo.png","url":"\/logo.png","width":600,"height":60}},"image":{"@type":"ImageObject","@id":"https:\/\/www.domecz.cz\/wp-content\/uploads\/cup-of-coffee-1280537_640_9.jpg","url":"https:\/\/www.domecz.cz\/wp-content\/uploads\/cup-of-coffee-1280537_640_9.jpg","height":0,"width":0},"url":"https:\/\/www.domecz.cz\/co-ocenite-pri-uklidu-kancelari-od-profesionalni-uklidove-firmy\/","about":["Podnik\u00e1n\u00ed"],"wordCount":410,"articleBody":"   Pohrdat ukl\u00edze\u010dkami a domn\u00edvat se, \u017ee jsou jaksi pod\u0159adn\u00e9 a m\u00e9n\u011bcenn\u00e9, a \u017ee pr\u00e1v\u011b vy jste ti vyvolen\u00ed, co jste n\u011bco v\u00edc, je hlubok\u00fd omyl, kter\u00fd se v\u00e1m v \u017eivot\u011b m\u016f\u017ee vymst\u00edt. Uv\u011bdomte si, \u017ee nez\u00e1le\u017e\u00ed na inteligenci a profesi, kterou \u010dlov\u011bk vykon\u00e1v\u00e1, ale na tom, jak\u00e9 jsou jeho mor\u00e1ln\u00ed vlastnosti \u2013 empatie, pochopen\u00ed, laskavost, up\u0159\u00edmnost a \u010destnost atd. Potk\u00e1te-li pak takovouto ukl\u00edze\u010dku, kterou zam\u011bstn\u00e1v\u00e1 \u00faklidov\u00e1 firma, pak si m\u016f\u017eete gratulovat k velk\u00e9mu \u00fasp\u011bchu, proto\u017ee takov\u00ed lid\u00e9 se sna\u017e\u00ed odv\u00e9st svou pr\u00e1ci poctiv\u011b. Na co se pak m\u016f\u017eete t\u011b\u0161it, kdy\u017e ukl\u00edze\u010dka opust\u00ed po \u00faklidu va\u0161i kancel\u00e1\u0159?Na vysypan\u00e9 ko\u0161e s odpadky \u2013 stalo se v\u00e1m n\u011bkdy, \u017ee jste vstoupili do kancel\u00e1\u0159e v pond\u011bl\u00ed r\u00e1no a uc\u00edtili jste tu neskute\u010dn\u00fd z\u00e1pach \u010dehosi plesniv\u00e9ho \u010di hnij\u00edc\u00edho? Toto se m\u016f\u017ee st\u00e1t, pokud se zapomene v p\u00e1tek vysypat pln\u00fd odpadkov\u00fd ko\u0161 a b\u011bhem v\u00edkendu se tu objev\u00ed pl\u00edsn\u011b a hniloba na rozkl\u00e1daj\u00edc\u00edch se potravin\u00e1ch. Pe\u010dliv\u00e1 ukl\u00edze\u010dka se naopak postar\u00e1 o to, aby ko\u0161e byly vysypan\u00e9 a aby tam nez\u016fst\u00e1valy \u017e\u00e1dn\u00e9 zbytky potravin.Na \u010dist\u00e9 stoly \u2013 \u010dist\u00fd pracovn\u00ed st\u016fl je va\u0161\u00ed vizitkou a kdy\u017e si tam pozvete na n\u00e1v\u0161t\u011bvu n\u011bkoho zven\u010d\u00ed, doty\u010dn\u00e1 osoba brzy zjist\u00ed, jak jste na tom s \u00faklidem a vztahem k \u010distot\u011b a po\u0159\u00e1dku. M\u00edt na stolech poh\u00e1zen\u00e9 zmuchlan\u00e9 pap\u00edry, zbytky j\u00eddla od sva\u010diny, neumyt\u00e9 n\u00e1dob\u00ed, kole\u010dka od hrnk\u016f s n\u00e1poji anebo zama\u0161t\u011bn\u00e9 fleky od n\u011bjak\u00e9ho pokrmu, to rozhodn\u011b nevytv\u00e1\u0159\u00ed dobr\u00e9 jm\u00e9no va\u0161\u00ed osob\u011b \u010di firm\u011b.Na \u010distou podlahu \u2013 ukl\u00edze\u010dky se tak\u00e9 staraj\u00ed o d\u016fkladn\u00e9 vyt\u00edr\u00e1n\u00ed podlah a luxov\u00e1n\u00ed koberc\u016f. M\u00e1te-li na podlaze koberce, ty pak budou vy\u017eadovat krom\u011b vys\u00e1v\u00e1n\u00ed i d\u016fkladn\u00e9 vy\u010di\u0161t\u011bn\u00ed speci\u00e1ln\u00edm strojem.Na umyt\u00e1 okna \u2013 \u010das od \u010dasu je tak\u00e9 zapot\u0159eb\u00ed v r\u00e1mci \u00faklidu kancel\u00e1\u0159i v Praze 10 um\u00fdt okna, \u00faklidov\u00e1 firma se o to postar\u00e1 v obvykl\u00e9m \u010dase anebo dle dohody t\u0159eba jindy, nap\u0159\u00edklad v pracovn\u00ed dny odpoledne, nave\u010der \u010di o v\u00edkendech.                                                                                                                                                                                                                                                                                                                                                                                          4\/5 - (1 vote)        "},{"@context":"https:\/\/schema.org\/","@type":"BreadcrumbList","itemListElement":[{"@type":"ListItem","position":1,"name":"Co ocen\u00edte p\u0159i \u00faklidu kancel\u00e1\u0159\u00ed od profesion\u00e1ln\u00ed \u00faklidov\u00e9 firmy","item":"https:\/\/www.domecz.cz\/co-ocenite-pri-uklidu-kancelari-od-profesionalni-uklidove-firmy\/#breadcrumbitem"}]}]