{"@context":"https:\/\/schema.org\/","@type":"CollectionPage","@id":"https:\/\/www.domecz.cz\/elektro\/#CollectionPage","headline":"Elektro Category","description":"","url":"https:\/\/www.domecz.cz\/elektro\/","hasPart":[{"@type":"Article","@id":"https:\/\/www.domecz.cz\/proc-je-voda-i-ve-velkych-elektrarnach-nezbytna\/","headline":"Pro\u010d je voda i ve velk\u00fdch elektr\u00e1rn\u00e1ch nezbytn\u00e1","url":"https:\/\/www.domecz.cz\/proc-je-voda-i-ve-velkych-elektrarnach-nezbytna\/","datePublished":"2024-05-27","dateModified":"2024-05-27","mainEntityOfPage":"https:\/\/www.domecz.cz\/proc-je-voda-i-ve-velkych-elektrarnach-nezbytna\/","author":{"@type":"Person","@id":"https:\/\/www.domecz.cz\/author\/devene\/#Person","name":"devene","url":"https:\/\/www.domecz.cz\/author\/devene\/","identifier":1,"image":{"@type":"ImageObject","@id":"https:\/\/secure.gravatar.com\/avatar\/ccdd701717dc93db07d73e0c11dbbb8b91524cccc3bfbd3baea83667a3ebf5d6?s=96&d=mm&r=g","url":"https:\/\/secure.gravatar.com\/avatar\/ccdd701717dc93db07d73e0c11dbbb8b91524cccc3bfbd3baea83667a3ebf5d6?s=96&d=mm&r=g","height":96,"width":96}},"publisher":{"@type":"Organization","name":"domecz.cz","logo":{"@type":"ImageObject","@id":"\/logo.png","url":"\/logo.png","width":600,"height":60}},"image":{"@type":"ImageObject","@id":"https:\/\/www.domecz.cz\/wp-content\/uploads\/elektrikar1_10_10_10_10_10_5.jpg","url":"https:\/\/www.domecz.cz\/wp-content\/uploads\/elektrikar1_10_10_10_10_10_5.jpg","height":0,"width":0},"keywords":null},{"@type":"Article","@id":"https:\/\/www.domecz.cz\/co-udelat-s-mobilem-kdyz-uz-doslouzi-nebo-ho-nepotrebuji\/","headline":"Co ud\u011blat s mobilem, kdy\u017e u\u017e doslou\u017e\u00ed nebo ho nepot\u0159ebuji?","url":"https:\/\/www.domecz.cz\/co-udelat-s-mobilem-kdyz-uz-doslouzi-nebo-ho-nepotrebuji\/","datePublished":"2019-12-08","dateModified":"2023-05-17","mainEntityOfPage":"https:\/\/www.domecz.cz\/co-udelat-s-mobilem-kdyz-uz-doslouzi-nebo-ho-nepotrebuji\/","author":{"@type":"Person","@id":"https:\/\/www.domecz.cz\/author\/devene\/#Person","name":"devene","url":"https:\/\/www.domecz.cz\/author\/devene\/","identifier":1,"image":{"@type":"ImageObject","@id":"https:\/\/secure.gravatar.com\/avatar\/ccdd701717dc93db07d73e0c11dbbb8b91524cccc3bfbd3baea83667a3ebf5d6?s=96&d=mm&r=g","url":"https:\/\/secure.gravatar.com\/avatar\/ccdd701717dc93db07d73e0c11dbbb8b91524cccc3bfbd3baea83667a3ebf5d6?s=96&d=mm&r=g","height":96,"width":96}},"publisher":{"@type":"Organization","name":"domecz.cz","logo":{"@type":"ImageObject","@id":"\/logo.png","url":"\/logo.png","width":600,"height":60}},"image":{"@type":"ImageObject","@id":"https:\/\/www.domecz.cz\/wp-content\/uploads\/img_a364192_w4336_t1576821575.jpg","url":"https:\/\/www.domecz.cz\/wp-content\/uploads\/img_a364192_w4336_t1576821575.jpg","height":0,"width":0},"keywords":null},{"@type":"Article","@id":"https:\/\/www.domecz.cz\/recyklace-zarovek\/","headline":"Recyklace \u017e\u00e1rovek","url":"https:\/\/www.domecz.cz\/recyklace-zarovek\/","datePublished":"2019-01-20","dateModified":"2023-05-17","mainEntityOfPage":"https:\/\/www.domecz.cz\/recyklace-zarovek\/","author":{"@type":"Person","@id":"https:\/\/www.domecz.cz\/author\/devene\/#Person","name":"devene","url":"https:\/\/www.domecz.cz\/author\/devene\/","identifier":1,"image":{"@type":"ImageObject","@id":"https:\/\/secure.gravatar.com\/avatar\/ccdd701717dc93db07d73e0c11dbbb8b91524cccc3bfbd3baea83667a3ebf5d6?s=96&d=mm&r=g","url":"https:\/\/secure.gravatar.com\/avatar\/ccdd701717dc93db07d73e0c11dbbb8b91524cccc3bfbd3baea83667a3ebf5d6?s=96&d=mm&r=g","height":96,"width":96}},"publisher":{"@type":"Organization","name":"domecz.cz","logo":{"@type":"ImageObject","@id":"\/logo.png","url":"\/logo.png","width":600,"height":60}},"image":{"@type":"ImageObject","@id":"https:\/\/www.domecz.cz\/wp-content\/uploads\/img_a335210_w2312_t1548608703.jpg","url":"https:\/\/www.domecz.cz\/wp-content\/uploads\/img_a335210_w2312_t1548608703.jpg","height":0,"width":0},"keywords":null}]}