[{"@context":"https:\/\/schema.org\/","@type":"Article","@id":"https:\/\/www.domecz.cz\/navrh-kuchyne-ktera-bude-prakticka\/#Article","mainEntityOfPage":"https:\/\/www.domecz.cz\/navrh-kuchyne-ktera-bude-prakticka\/","headline":"N\u00e1vrh kuchyn\u011b, kter\u00e1 bude praktick\u00e1","name":"N\u00e1vrh kuchyn\u011b, kter\u00e1 bude praktick\u00e1","description":"Kuchyn\u011b je od nepam\u011bti st\u0159edobodem ve\u0161ker\u00e9ho d\u011bn\u00ed v dom\u00e1cnosti. Je<span class=\"more-dots\"><a href=\"https:\/\/www.domecz.cz\/navrh-kuchyne-ktera-bude-prakticka\/\">[ ... ]<\/span><\/a>","datePublished":"2019-12-14","dateModified":"2023-05-17","author":{"@type":"Person","@id":"https:\/\/www.domecz.cz\/author\/devene\/#Person","name":"devene","url":"https:\/\/www.domecz.cz\/author\/devene\/","identifier":1,"image":{"@type":"ImageObject","@id":"https:\/\/secure.gravatar.com\/avatar\/ccdd701717dc93db07d73e0c11dbbb8b91524cccc3bfbd3baea83667a3ebf5d6?s=96&d=mm&r=g","url":"https:\/\/secure.gravatar.com\/avatar\/ccdd701717dc93db07d73e0c11dbbb8b91524cccc3bfbd3baea83667a3ebf5d6?s=96&d=mm&r=g","height":96,"width":96}},"publisher":{"@type":"Organization","name":"domecz.cz","logo":{"@type":"ImageObject","@id":"\/logo.png","url":"\/logo.png","width":600,"height":60}},"image":{"@type":"ImageObject","@id":"https:\/\/www.domecz.cz\/wp-content\/uploads\/img_a377854_w4336_t1589282092.jpg","url":"https:\/\/www.domecz.cz\/wp-content\/uploads\/img_a377854_w4336_t1589282092.jpg","height":0,"width":0},"url":"https:\/\/www.domecz.cz\/navrh-kuchyne-ktera-bude-prakticka\/","about":["Dom\u00e1cnost"],"wordCount":418,"articleBody":"   Kuchyn\u011b je od nepam\u011bti st\u0159edobodem ve\u0161ker\u00e9ho d\u011bn\u00ed v dom\u00e1cnosti. Je to m\u00edsto, kde r\u00e1no d\u011btem chyst\u00e1te sva\u010dinu, va\u0159\u00edte chutn\u00fd ob\u011bd nebo se spole\u010dn\u011b setk\u00e1v\u00e1te po cel\u00e9m dni u ve\u010de\u0159e.  Poj\u010fme se tedy na tuto m\u00edstnost pod\u00edvat v\u00edce dopodrobna. Jak v\u016fbec vytvo\u0159it dokonalou dispozici, kter\u00e1 n\u00e1m bude p\u0159i va\u0159en\u00ed vyhovovat? Jak vznikne n\u011bco kr\u00e1sn\u00e9ho a p\u0159itom funk\u010dn\u00edho? Modern\u00ed kuchyn\u011b to nen\u00ed jenom v\u00fdb\u011br vhodn\u00e9 barvy a materi\u00e1lov\u00e9 kompozice. A\u0165 u\u017e zvol\u00edte d\u0159evo, sklo, betonovou st\u011brku nebo plast, v\u017edy se rad\u011bji pora\u010fte p\u0159\u00edmo s odborn\u00edky. Pracovn\u00ed deska s velkou \u017eivotnost\u00ed V\u00fdb\u011br tak d\u016fle\u017eit\u00e9ho komponentu jako je pracovn\u00ed deska, se rozhodn\u011b nevypl\u00e1c\u00ed podce\u0148ovat. Jedn\u00e1 se toti\u017e o prostor, kde se odehr\u00e1v\u00e1 v podstat\u011b v\u0161e pot\u0159ebn\u00e9 a je zde kladem velk\u00fd d\u016fraz na kvalitu. Dnes se ale pod\u00edv\u00e1me na pracovn\u00ed desku z jej\u00edho praktick\u00e9ho vyu\u017eit\u00ed. Pokud chcete, aby pracovn\u00ed deska p\u0159e\u017eila ka\u017edodenn\u00ed ruch v podob\u011b kr\u00e1jen\u00ed, bouch\u00e1n\u00ed nebo pokl\u00e1d\u00e1n\u00ed hork\u00fdch hrnc\u016f, je pot\u0159eba volit opravdu odoln\u00fd materi\u00e1l. Nej\u010dast\u011bji m\u016f\u017eete narazit na lamin\u00e1t, ten se ov\u0161em nevyzna\u010duje a\u017e takovou v\u00fddr\u017e\u00ed. Dal\u0161\u00edm obl\u00edben\u00fdm materi\u00e1lem je p\u0159\u00edrodn\u00ed k\u00e1men. Desky z tohoto materi\u00e1lu vypadaj\u00ed opravdu honosn\u011b, ale je zde kladen velk\u00fd d\u016fraz na jejich \u00fadr\u017ebu. Skv\u011blou n\u00e1hradou pak m\u016f\u017ee b\u00fdt um\u011bl\u00fd k\u00e1men, kter\u00fd je na prvn\u00ed pohled od nerozezn\u00e1n\u00ed od toho um\u011bl\u00e9ho a p\u0159itom je a\u017e neuv\u011b\u0159iteln\u011b odoln\u00fd proti mechanick\u00e9mu po\u0161kozen\u00ed. M\u016f\u017eete nav\u00edc vyb\u00edrat z \u0161irok\u00e9 barevn\u00e9 \u0161k\u00e1ly.   Dostatek \u00falo\u017en\u00fdch prostor P\u0159i dispozici linky je pot\u0159eba kl\u00e1st i velk\u00fd d\u016fraz na dostatek \u00falo\u017en\u00fdch prostor. Sk\u0159\u00ed\u0148ky, sk\u0159\u00edn\u011b nebo poli\u010dky jsou opravdu v\u00edt\u00e1ny i v tom nejmen\u0161\u00edm rohu. Pokud ale navrhujete novou m\u00edstnost, pop\u0159em\u00fd\u0161lejte o variant\u011b, kdy p\u0159\u00edmo s t\u00edmto prostorem bude sousedit mal\u00e1 sp\u00ed\u017e, kam ulo\u017e\u00edte v\u0161e pot\u0159ebn\u00e9. Uskladn\u011bno tam m\u016f\u017ee b\u00fdt v\u0161e od z\u00e1sob j\u00eddla a\u017e po v\u011bt\u0161\u00ed spot\u0159ebi\u010de.                                                                                                                                                                                                                                                                                                                                                                                          4\/5 - (7 votes)        "},{"@context":"https:\/\/schema.org\/","@type":"BreadcrumbList","itemListElement":[{"@type":"ListItem","position":1,"name":"N\u00e1vrh kuchyn\u011b, kter\u00e1 bude praktick\u00e1","item":"https:\/\/www.domecz.cz\/navrh-kuchyne-ktera-bude-prakticka\/#breadcrumbitem"}]}]