[{"@context":"https:\/\/schema.org\/","@type":"Blog","@id":"https:\/\/www.domecz.cz#Blog","headline":"Dome CZ","description":"\nP\u0159ipad\u00e1 v\u00e1m nab\u00eddka na n\u011bkter\u00e9m webu p\u0159ece jenom podez\u0159el\u00e1? Pak rad\u011bji neriskujte a zami\u0159te k n\u00e1m. Bude to lep\u0161\u00ed \u0159e\u0161en\u00ed ne\u017e pozd\u011bji hledat virtu\u00e1ln\u00ed podvodn\u00edky.","url":"https:\/\/www.domecz.cz","hasPart":[{"@type":"Article","@id":"https:\/\/www.domecz.cz\/jsme-tu-pro-vas\/","headline":"Jsme tu pro V\u00e1s","url":"https:\/\/www.domecz.cz\/jsme-tu-pro-vas\/","datePublished":"2024-11-27","dateModified":"2024-11-27","mainEntityOfPage":"https:\/\/www.domecz.cz\/jsme-tu-pro-vas\/","author":{"@type":"Person","@id":"https:\/\/www.domecz.cz\/author\/devene\/#Person","name":"devene","url":"https:\/\/www.domecz.cz\/author\/devene\/","identifier":1,"image":{"@type":"ImageObject","@id":"https:\/\/secure.gravatar.com\/avatar\/ccdd701717dc93db07d73e0c11dbbb8b91524cccc3bfbd3baea83667a3ebf5d6?s=96&d=mm&r=g","url":"https:\/\/secure.gravatar.com\/avatar\/ccdd701717dc93db07d73e0c11dbbb8b91524cccc3bfbd3baea83667a3ebf5d6?s=96&d=mm&r=g","height":96,"width":96}},"publisher":{"@type":"Organization","name":"domecz.cz","logo":{"@type":"ImageObject","@id":"\/logo.png","url":"\/logo.png","width":600,"height":60}},"image":null,"wordCount":224,"keywords":null},{"@type":"Article","@id":"https:\/\/www.domecz.cz\/nabizime-vam-skvele-sluzby\/","headline":"Nab\u00edz\u00edme v\u00e1m skv\u011bl\u00e9 slu\u017eby","url":"https:\/\/www.domecz.cz\/nabizime-vam-skvele-sluzby\/","datePublished":"2024-11-17","dateModified":"2024-11-17","mainEntityOfPage":"https:\/\/www.domecz.cz\/nabizime-vam-skvele-sluzby\/","author":{"@type":"Person","@id":"https:\/\/www.domecz.cz\/author\/devene\/#Person","name":"devene","url":"https:\/\/www.domecz.cz\/author\/devene\/","identifier":1,"image":{"@type":"ImageObject","@id":"https:\/\/secure.gravatar.com\/avatar\/ccdd701717dc93db07d73e0c11dbbb8b91524cccc3bfbd3baea83667a3ebf5d6?s=96&d=mm&r=g","url":"https:\/\/secure.gravatar.com\/avatar\/ccdd701717dc93db07d73e0c11dbbb8b91524cccc3bfbd3baea83667a3ebf5d6?s=96&d=mm&r=g","height":96,"width":96}},"publisher":{"@type":"Organization","name":"domecz.cz","logo":{"@type":"ImageObject","@id":"\/logo.png","url":"\/logo.png","width":600,"height":60}},"image":null,"wordCount":222,"keywords":null},{"@type":"Article","@id":"https:\/\/www.domecz.cz\/aby-zena-byla-stastna-a-usmevava-i-v-obdobi-jejich-sexualnich-promen\/","headline":"Aby \u017eena byla \u0161\u0165astn\u00e1 a usm\u011bvav\u00e1 i v\u00a0obdob\u00ed jejich sexu\u00e1ln\u00edch prom\u011bn","url":"https:\/\/www.domecz.cz\/aby-zena-byla-stastna-a-usmevava-i-v-obdobi-jejich-sexualnich-promen\/","datePublished":"2024-11-11","dateModified":"2024-11-11","mainEntityOfPage":"https:\/\/www.domecz.cz\/aby-zena-byla-stastna-a-usmevava-i-v-obdobi-jejich-sexualnich-promen\/","author":{"@type":"Person","@id":"https:\/\/www.domecz.cz\/author\/devene\/#Person","name":"devene","url":"https:\/\/www.domecz.cz\/author\/devene\/","identifier":1,"image":{"@type":"ImageObject","@id":"https:\/\/secure.gravatar.com\/avatar\/ccdd701717dc93db07d73e0c11dbbb8b91524cccc3bfbd3baea83667a3ebf5d6?s=96&d=mm&r=g","url":"https:\/\/secure.gravatar.com\/avatar\/ccdd701717dc93db07d73e0c11dbbb8b91524cccc3bfbd3baea83667a3ebf5d6?s=96&d=mm&r=g","height":96,"width":96}},"publisher":{"@type":"Organization","name":"domecz.cz","logo":{"@type":"ImageObject","@id":"\/logo.png","url":"\/logo.png","width":600,"height":60}},"image":null,"wordCount":197,"keywords":null},{"@type":"Article","@id":"https:\/\/www.domecz.cz\/teple-obleceni-je-zaklad\/","headline":"Tepl\u00e9 oble\u010den\u00ed je z\u00e1klad","url":"https:\/\/www.domecz.cz\/teple-obleceni-je-zaklad\/","datePublished":"2024-11-05","dateModified":"2024-11-05","mainEntityOfPage":"https:\/\/www.domecz.cz\/teple-obleceni-je-zaklad\/","author":{"@type":"Person","@id":"https:\/\/www.domecz.cz\/author\/devene\/#Person","name":"devene","url":"https:\/\/www.domecz.cz\/author\/devene\/","identifier":1,"image":{"@type":"ImageObject","@id":"https:\/\/secure.gravatar.com\/avatar\/ccdd701717dc93db07d73e0c11dbbb8b91524cccc3bfbd3baea83667a3ebf5d6?s=96&d=mm&r=g","url":"https:\/\/secure.gravatar.com\/avatar\/ccdd701717dc93db07d73e0c11dbbb8b91524cccc3bfbd3baea83667a3ebf5d6?s=96&d=mm&r=g","height":96,"width":96}},"publisher":{"@type":"Organization","name":"domecz.cz","logo":{"@type":"ImageObject","@id":"\/logo.png","url":"\/logo.png","width":600,"height":60}},"image":null,"wordCount":289,"keywords":null},{"@type":"Article","@id":"https:\/\/www.domecz.cz\/mejte-prehled-o-zakazkach\/","headline":"M\u011bjte p\u0159ehled o zak\u00e1zk\u00e1ch","url":"https:\/\/www.domecz.cz\/mejte-prehled-o-zakazkach\/","datePublished":"2024-10-28","dateModified":"2024-10-28","mainEntityOfPage":"https:\/\/www.domecz.cz\/mejte-prehled-o-zakazkach\/","author":{"@type":"Person","@id":"https:\/\/www.domecz.cz\/author\/devene\/#Person","name":"devene","url":"https:\/\/www.domecz.cz\/author\/devene\/","identifier":1,"image":{"@type":"ImageObject","@id":"https:\/\/secure.gravatar.com\/avatar\/ccdd701717dc93db07d73e0c11dbbb8b91524cccc3bfbd3baea83667a3ebf5d6?s=96&d=mm&r=g","url":"https:\/\/secure.gravatar.com\/avatar\/ccdd701717dc93db07d73e0c11dbbb8b91524cccc3bfbd3baea83667a3ebf5d6?s=96&d=mm&r=g","height":96,"width":96}},"publisher":{"@type":"Organization","name":"domecz.cz","logo":{"@type":"ImageObject","@id":"\/logo.png","url":"\/logo.png","width":600,"height":60}},"image":null,"wordCount":288,"keywords":null},{"@type":"Article","@id":"https:\/\/www.domecz.cz\/pestra-paleta-barevnych-vzoru\/","headline":"Pestr\u00e1 paleta barevn\u00fdch vzor\u016f","url":"https:\/\/www.domecz.cz\/pestra-paleta-barevnych-vzoru\/","datePublished":"2024-10-20","dateModified":"2024-10-20","mainEntityOfPage":"https:\/\/www.domecz.cz\/pestra-paleta-barevnych-vzoru\/","author":{"@type":"Person","@id":"https:\/\/www.domecz.cz\/author\/devene\/#Person","name":"devene","url":"https:\/\/www.domecz.cz\/author\/devene\/","identifier":1,"image":{"@type":"ImageObject","@id":"https:\/\/secure.gravatar.com\/avatar\/ccdd701717dc93db07d73e0c11dbbb8b91524cccc3bfbd3baea83667a3ebf5d6?s=96&d=mm&r=g","url":"https:\/\/secure.gravatar.com\/avatar\/ccdd701717dc93db07d73e0c11dbbb8b91524cccc3bfbd3baea83667a3ebf5d6?s=96&d=mm&r=g","height":96,"width":96}},"publisher":{"@type":"Organization","name":"domecz.cz","logo":{"@type":"ImageObject","@id":"\/logo.png","url":"\/logo.png","width":600,"height":60}},"image":null,"wordCount":270,"keywords":null},{"@type":"Article","@id":"https:\/\/www.domecz.cz\/co-je-to-lepici-podprsenka\/","headline":"Co je to lepic\u00ed podprsenka","url":"https:\/\/www.domecz.cz\/co-je-to-lepici-podprsenka\/","datePublished":"2024-10-18","dateModified":"2024-10-18","mainEntityOfPage":"https:\/\/www.domecz.cz\/co-je-to-lepici-podprsenka\/","author":{"@type":"Person","@id":"https:\/\/www.domecz.cz\/author\/devene\/#Person","name":"devene","url":"https:\/\/www.domecz.cz\/author\/devene\/","identifier":1,"image":{"@type":"ImageObject","@id":"https:\/\/secure.gravatar.com\/avatar\/ccdd701717dc93db07d73e0c11dbbb8b91524cccc3bfbd3baea83667a3ebf5d6?s=96&d=mm&r=g","url":"https:\/\/secure.gravatar.com\/avatar\/ccdd701717dc93db07d73e0c11dbbb8b91524cccc3bfbd3baea83667a3ebf5d6?s=96&d=mm&r=g","height":96,"width":96}},"publisher":{"@type":"Organization","name":"domecz.cz","logo":{"@type":"ImageObject","@id":"\/logo.png","url":"\/logo.png","width":600,"height":60}},"image":{"@type":"ImageObject","@id":"https:\/\/www.domecz.cz\/wp-content\/uploads\/bra-3088998_640.jpg","url":"https:\/\/www.domecz.cz\/wp-content\/uploads\/bra-3088998_640.jpg","height":0,"width":0},"wordCount":605,"keywords":null},{"@type":"Article","@id":"https:\/\/www.domecz.cz\/proc-je-voda-i-ve-velkych-elektrarnach-nezbytna\/","headline":"Pro\u010d je voda i ve velk\u00fdch elektr\u00e1rn\u00e1ch nezbytn\u00e1","url":"https:\/\/www.domecz.cz\/proc-je-voda-i-ve-velkych-elektrarnach-nezbytna\/","datePublished":"2024-05-27","dateModified":"2024-05-27","mainEntityOfPage":"https:\/\/www.domecz.cz\/proc-je-voda-i-ve-velkych-elektrarnach-nezbytna\/","author":{"@type":"Person","@id":"https:\/\/www.domecz.cz\/author\/devene\/#Person","name":"devene","url":"https:\/\/www.domecz.cz\/author\/devene\/","identifier":1,"image":{"@type":"ImageObject","@id":"https:\/\/secure.gravatar.com\/avatar\/ccdd701717dc93db07d73e0c11dbbb8b91524cccc3bfbd3baea83667a3ebf5d6?s=96&d=mm&r=g","url":"https:\/\/secure.gravatar.com\/avatar\/ccdd701717dc93db07d73e0c11dbbb8b91524cccc3bfbd3baea83667a3ebf5d6?s=96&d=mm&r=g","height":96,"width":96}},"publisher":{"@type":"Organization","name":"domecz.cz","logo":{"@type":"ImageObject","@id":"\/logo.png","url":"\/logo.png","width":600,"height":60}},"image":{"@type":"ImageObject","@id":"https:\/\/www.domecz.cz\/wp-content\/uploads\/elektrikar1_10_10_10_10_10_5.jpg","url":"https:\/\/www.domecz.cz\/wp-content\/uploads\/elektrikar1_10_10_10_10_10_5.jpg","height":0,"width":0},"wordCount":537,"keywords":null},{"@type":"Article","@id":"https:\/\/www.domecz.cz\/nase-naplne-do-tiskaren-vam-vydrzi-dlouhou-dobu\/","headline":"Na\u0161e n\u00e1pln\u011b do tisk\u00e1ren v\u00e1m vydr\u017e\u00ed dlouhou dobu","url":"https:\/\/www.domecz.cz\/nase-naplne-do-tiskaren-vam-vydrzi-dlouhou-dobu\/","datePublished":"2024-04-28","dateModified":"2024-04-28","mainEntityOfPage":"https:\/\/www.domecz.cz\/nase-naplne-do-tiskaren-vam-vydrzi-dlouhou-dobu\/","author":{"@type":"Person","@id":"https:\/\/www.domecz.cz\/author\/devene\/#Person","name":"devene","url":"https:\/\/www.domecz.cz\/author\/devene\/","identifier":1,"image":{"@type":"ImageObject","@id":"https:\/\/secure.gravatar.com\/avatar\/ccdd701717dc93db07d73e0c11dbbb8b91524cccc3bfbd3baea83667a3ebf5d6?s=96&d=mm&r=g","url":"https:\/\/secure.gravatar.com\/avatar\/ccdd701717dc93db07d73e0c11dbbb8b91524cccc3bfbd3baea83667a3ebf5d6?s=96&d=mm&r=g","height":96,"width":96}},"publisher":{"@type":"Organization","name":"domecz.cz","logo":{"@type":"ImageObject","@id":"\/logo.png","url":"\/logo.png","width":600,"height":60}},"image":null,"wordCount":265,"keywords":null},{"@type":"Article","@id":"https:\/\/www.domecz.cz\/paradni-dekorace-v-interieru-i-exterieru\/","headline":"Par\u00e1dn\u00ed dekorace v interi\u00e9ru i exteri\u00e9ru","url":"https:\/\/www.domecz.cz\/paradni-dekorace-v-interieru-i-exterieru\/","datePublished":"2024-04-24","dateModified":"2024-04-24","mainEntityOfPage":"https:\/\/www.domecz.cz\/paradni-dekorace-v-interieru-i-exterieru\/","author":{"@type":"Person","@id":"https:\/\/www.domecz.cz\/author\/devene\/#Person","name":"devene","url":"https:\/\/www.domecz.cz\/author\/devene\/","identifier":1,"image":{"@type":"ImageObject","@id":"https:\/\/secure.gravatar.com\/avatar\/ccdd701717dc93db07d73e0c11dbbb8b91524cccc3bfbd3baea83667a3ebf5d6?s=96&d=mm&r=g","url":"https:\/\/secure.gravatar.com\/avatar\/ccdd701717dc93db07d73e0c11dbbb8b91524cccc3bfbd3baea83667a3ebf5d6?s=96&d=mm&r=g","height":96,"width":96}},"publisher":{"@type":"Organization","name":"domecz.cz","logo":{"@type":"ImageObject","@id":"\/logo.png","url":"\/logo.png","width":600,"height":60}},"image":null,"wordCount":287,"keywords":null}]},{"@context":"https:\/\/schema.org","@type":"WebSite","@id":"https:\/\/www.domecz.cz\/#website","name":"Dome CZ","url":"https:\/\/www.domecz.cz","potentialAction":{"@type":"SearchAction","target":"https:\/\/www.domecz.cz\/?s={search_term_string}","query-input":"required name=search_term_string"}}]