[{"@context":"https:\/\/schema.org\/","@type":"Blog","@id":"https:\/\/www.domecz.cz#Blog","headline":"Dome CZ","description":"\nP\u0159ipad\u00e1 v\u00e1m nab\u00eddka na n\u011bkter\u00e9m webu p\u0159ece jenom podez\u0159el\u00e1? Pak rad\u011bji neriskujte a zami\u0159te k n\u00e1m. Bude to lep\u0161\u00ed \u0159e\u0161en\u00ed ne\u017e pozd\u011bji hledat virtu\u00e1ln\u00ed podvodn\u00edky.","url":"https:\/\/www.domecz.cz","hasPart":[{"@type":"Article","@id":"https:\/\/www.domecz.cz\/dejte-vedet-o-sve-svatbe\/","headline":"Dejte v\u011bd\u011bt o sv\u00e9 svatb\u011b","url":"https:\/\/www.domecz.cz\/dejte-vedet-o-sve-svatbe\/","datePublished":"2023-10-10","dateModified":"2023-10-10","mainEntityOfPage":"https:\/\/www.domecz.cz\/dejte-vedet-o-sve-svatbe\/","author":{"@type":"Person","@id":"https:\/\/www.domecz.cz\/author\/devene\/#Person","name":"devene","url":"https:\/\/www.domecz.cz\/author\/devene\/","identifier":1,"image":{"@type":"ImageObject","@id":"https:\/\/secure.gravatar.com\/avatar\/ccdd701717dc93db07d73e0c11dbbb8b91524cccc3bfbd3baea83667a3ebf5d6?s=96&d=mm&r=g","url":"https:\/\/secure.gravatar.com\/avatar\/ccdd701717dc93db07d73e0c11dbbb8b91524cccc3bfbd3baea83667a3ebf5d6?s=96&d=mm&r=g","height":96,"width":96}},"publisher":{"@type":"Organization","name":"domecz.cz","logo":{"@type":"ImageObject","@id":"\/logo.png","url":"\/logo.png","width":600,"height":60}},"image":null,"wordCount":281,"keywords":null},{"@type":"Article","@id":"https:\/\/www.domecz.cz\/nasmerujte-vylet-z-prazske-autopujcovny-k-machovu-jezeru\/","headline":"Nasm\u011brujte v\u00fdlet z pra\u017esk\u00e9 autop\u016fj\u010dovny k M\u00e1chovu jezeru","url":"https:\/\/www.domecz.cz\/nasmerujte-vylet-z-prazske-autopujcovny-k-machovu-jezeru\/","datePublished":"2023-09-30","dateModified":"2023-11-09","mainEntityOfPage":"https:\/\/www.domecz.cz\/nasmerujte-vylet-z-prazske-autopujcovny-k-machovu-jezeru\/","author":{"@type":"Person","@id":"https:\/\/www.domecz.cz\/author\/devene\/#Person","name":"devene","url":"https:\/\/www.domecz.cz\/author\/devene\/","identifier":1,"image":{"@type":"ImageObject","@id":"https:\/\/secure.gravatar.com\/avatar\/ccdd701717dc93db07d73e0c11dbbb8b91524cccc3bfbd3baea83667a3ebf5d6?s=96&d=mm&r=g","url":"https:\/\/secure.gravatar.com\/avatar\/ccdd701717dc93db07d73e0c11dbbb8b91524cccc3bfbd3baea83667a3ebf5d6?s=96&d=mm&r=g","height":96,"width":96}},"publisher":{"@type":"Organization","name":"domecz.cz","logo":{"@type":"ImageObject","@id":"\/logo.png","url":"\/logo.png","width":600,"height":60}},"image":{"@type":"ImageObject","@id":"https:\/\/www.domecz.cz\/wp-content\/uploads\/lake-892828_640.jpg","url":"https:\/\/www.domecz.cz\/wp-content\/uploads\/lake-892828_640.jpg","height":0,"width":0},"wordCount":590,"keywords":null},{"@type":"Article","@id":"https:\/\/www.domecz.cz\/bezpecna-i-moderni-domacnost\/","headline":"Bezpe\u010dn\u00e1 i modern\u00ed dom\u00e1cnost","url":"https:\/\/www.domecz.cz\/bezpecna-i-moderni-domacnost\/","datePublished":"2023-08-31","dateModified":"2023-08-31","mainEntityOfPage":"https:\/\/www.domecz.cz\/bezpecna-i-moderni-domacnost\/","author":{"@type":"Person","@id":"https:\/\/www.domecz.cz\/author\/devene\/#Person","name":"devene","url":"https:\/\/www.domecz.cz\/author\/devene\/","identifier":1,"image":{"@type":"ImageObject","@id":"https:\/\/secure.gravatar.com\/avatar\/ccdd701717dc93db07d73e0c11dbbb8b91524cccc3bfbd3baea83667a3ebf5d6?s=96&d=mm&r=g","url":"https:\/\/secure.gravatar.com\/avatar\/ccdd701717dc93db07d73e0c11dbbb8b91524cccc3bfbd3baea83667a3ebf5d6?s=96&d=mm&r=g","height":96,"width":96}},"publisher":{"@type":"Organization","name":"domecz.cz","logo":{"@type":"ImageObject","@id":"\/logo.png","url":"\/logo.png","width":600,"height":60}},"image":null,"wordCount":258,"keywords":null},{"@type":"Article","@id":"https:\/\/www.domecz.cz\/kvalitni-leky\/","headline":"Kvalitn\u00ed l\u00e9ky","url":"https:\/\/www.domecz.cz\/kvalitni-leky\/","datePublished":"2023-08-27","dateModified":"2024-05-29","mainEntityOfPage":"https:\/\/www.domecz.cz\/kvalitni-leky\/","author":{"@type":"Person","@id":"https:\/\/www.domecz.cz\/author\/devene\/#Person","name":"devene","url":"https:\/\/www.domecz.cz\/author\/devene\/","identifier":1,"image":{"@type":"ImageObject","@id":"https:\/\/secure.gravatar.com\/avatar\/ccdd701717dc93db07d73e0c11dbbb8b91524cccc3bfbd3baea83667a3ebf5d6?s=96&d=mm&r=g","url":"https:\/\/secure.gravatar.com\/avatar\/ccdd701717dc93db07d73e0c11dbbb8b91524cccc3bfbd3baea83667a3ebf5d6?s=96&d=mm&r=g","height":96,"width":96}},"publisher":{"@type":"Organization","name":"domecz.cz","logo":{"@type":"ImageObject","@id":"\/logo.png","url":"\/logo.png","width":600,"height":60}},"image":{"@type":"ImageObject","@id":"https:\/\/www.domecz.cz\/wp-content\/uploads\/man-2179243_1280.jpg","url":"https:\/\/www.domecz.cz\/wp-content\/uploads\/man-2179243_1280.jpg","height":0,"width":0},"wordCount":650,"keywords":null},{"@type":"Article","@id":"https:\/\/www.domecz.cz\/it-neni-pro-kazdeho\/","headline":"IT nen\u00ed pro ka\u017ed\u00e9ho","url":"https:\/\/www.domecz.cz\/it-neni-pro-kazdeho\/","datePublished":"2023-07-25","dateModified":"2023-07-25","mainEntityOfPage":"https:\/\/www.domecz.cz\/it-neni-pro-kazdeho\/","author":{"@type":"Person","@id":"https:\/\/www.domecz.cz\/author\/devene\/#Person","name":"devene","url":"https:\/\/www.domecz.cz\/author\/devene\/","identifier":1,"image":{"@type":"ImageObject","@id":"https:\/\/secure.gravatar.com\/avatar\/ccdd701717dc93db07d73e0c11dbbb8b91524cccc3bfbd3baea83667a3ebf5d6?s=96&d=mm&r=g","url":"https:\/\/secure.gravatar.com\/avatar\/ccdd701717dc93db07d73e0c11dbbb8b91524cccc3bfbd3baea83667a3ebf5d6?s=96&d=mm&r=g","height":96,"width":96}},"publisher":{"@type":"Organization","name":"domecz.cz","logo":{"@type":"ImageObject","@id":"\/logo.png","url":"\/logo.png","width":600,"height":60}},"image":null,"wordCount":286,"keywords":null},{"@type":"Article","@id":"https:\/\/www.domecz.cz\/nabytek-jaky-si-prejete\/","headline":"N\u00e1bytek, jak\u00fd si p\u0159ejete","url":"https:\/\/www.domecz.cz\/nabytek-jaky-si-prejete\/","datePublished":"2023-06-18","dateModified":"2024-06-19","mainEntityOfPage":"https:\/\/www.domecz.cz\/nabytek-jaky-si-prejete\/","author":{"@type":"Person","@id":"https:\/\/www.domecz.cz\/author\/devene\/#Person","name":"devene","url":"https:\/\/www.domecz.cz\/author\/devene\/","identifier":1,"image":{"@type":"ImageObject","@id":"https:\/\/secure.gravatar.com\/avatar\/ccdd701717dc93db07d73e0c11dbbb8b91524cccc3bfbd3baea83667a3ebf5d6?s=96&d=mm&r=g","url":"https:\/\/secure.gravatar.com\/avatar\/ccdd701717dc93db07d73e0c11dbbb8b91524cccc3bfbd3baea83667a3ebf5d6?s=96&d=mm&r=g","height":96,"width":96}},"publisher":{"@type":"Organization","name":"domecz.cz","logo":{"@type":"ImageObject","@id":"\/logo.png","url":"\/logo.png","width":600,"height":60}},"image":null,"wordCount":307,"keywords":null},{"@type":"Article","@id":"https:\/\/www.domecz.cz\/dusevni-kultura\/","headline":"Du\u0161evn\u00ed kultura","url":"https:\/\/www.domecz.cz\/dusevni-kultura\/","datePublished":"2023-05-17","dateModified":"2023-05-17","mainEntityOfPage":"https:\/\/www.domecz.cz\/dusevni-kultura\/","author":{"@type":"Person","@id":"https:\/\/www.domecz.cz\/author\/devene\/#Person","name":"devene","url":"https:\/\/www.domecz.cz\/author\/devene\/","identifier":1,"image":{"@type":"ImageObject","@id":"https:\/\/secure.gravatar.com\/avatar\/ccdd701717dc93db07d73e0c11dbbb8b91524cccc3bfbd3baea83667a3ebf5d6?s=96&d=mm&r=g","url":"https:\/\/secure.gravatar.com\/avatar\/ccdd701717dc93db07d73e0c11dbbb8b91524cccc3bfbd3baea83667a3ebf5d6?s=96&d=mm&r=g","height":96,"width":96}},"publisher":{"@type":"Organization","name":"domecz.cz","logo":{"@type":"ImageObject","@id":"\/logo.png","url":"\/logo.png","width":600,"height":60}},"image":{"@type":"ImageObject","@id":"https:\/\/www.domecz.cz\/wp-content\/uploads\/img_a334983_w1884_t1548430800.jpg","url":"https:\/\/www.domecz.cz\/wp-content\/uploads\/img_a334983_w1884_t1548430800.jpg","height":0,"width":0},"wordCount":466,"keywords":null},{"@type":"Article","@id":"https:\/\/www.domecz.cz\/cestovani-na-motocyklu-aneb-svoboda-sama\/","headline":"Cestov\u00e1n\u00ed na motocyklu aneb svoboda sama","url":"https:\/\/www.domecz.cz\/cestovani-na-motocyklu-aneb-svoboda-sama\/","datePublished":"2023-05-17","dateModified":"2023-05-17","mainEntityOfPage":"https:\/\/www.domecz.cz\/cestovani-na-motocyklu-aneb-svoboda-sama\/","author":{"@type":"Person","@id":"https:\/\/www.domecz.cz\/author\/devene\/#Person","name":"devene","url":"https:\/\/www.domecz.cz\/author\/devene\/","identifier":1,"image":{"@type":"ImageObject","@id":"https:\/\/secure.gravatar.com\/avatar\/ccdd701717dc93db07d73e0c11dbbb8b91524cccc3bfbd3baea83667a3ebf5d6?s=96&d=mm&r=g","url":"https:\/\/secure.gravatar.com\/avatar\/ccdd701717dc93db07d73e0c11dbbb8b91524cccc3bfbd3baea83667a3ebf5d6?s=96&d=mm&r=g","height":96,"width":96}},"publisher":{"@type":"Organization","name":"domecz.cz","logo":{"@type":"ImageObject","@id":"\/logo.png","url":"\/logo.png","width":600,"height":60}},"image":{"@type":"ImageObject","@id":"https:\/\/www.domecz.cz\/wp-content\/uploads\/img_a329364_w2653_t1541841336.jpg","url":"https:\/\/www.domecz.cz\/wp-content\/uploads\/img_a329364_w2653_t1541841336.jpg","height":0,"width":0},"wordCount":4637,"keywords":null},{"@type":"Article","@id":"https:\/\/www.domecz.cz\/kdo-by-mel-mit-doma-finance-pod-kontrolou-muz-nebo-zena\/","headline":"Kdo by m\u011bl m\u00edt doma finance pod kontrolou? Mu\u017e nebo \u017eena?","url":"https:\/\/www.domecz.cz\/kdo-by-mel-mit-doma-finance-pod-kontrolou-muz-nebo-zena\/","datePublished":"2023-05-17","dateModified":"2023-05-17","mainEntityOfPage":"https:\/\/www.domecz.cz\/kdo-by-mel-mit-doma-finance-pod-kontrolou-muz-nebo-zena\/","author":{"@type":"Person","@id":"https:\/\/www.domecz.cz\/author\/devene\/#Person","name":"devene","url":"https:\/\/www.domecz.cz\/author\/devene\/","identifier":1,"image":{"@type":"ImageObject","@id":"https:\/\/secure.gravatar.com\/avatar\/ccdd701717dc93db07d73e0c11dbbb8b91524cccc3bfbd3baea83667a3ebf5d6?s=96&d=mm&r=g","url":"https:\/\/secure.gravatar.com\/avatar\/ccdd701717dc93db07d73e0c11dbbb8b91524cccc3bfbd3baea83667a3ebf5d6?s=96&d=mm&r=g","height":96,"width":96}},"publisher":{"@type":"Organization","name":"domecz.cz","logo":{"@type":"ImageObject","@id":"\/logo.png","url":"\/logo.png","width":600,"height":60}},"image":{"@type":"ImageObject","@id":"https:\/\/www.domecz.cz\/wp-content\/uploads\/img_a306644_w2351_t1517913472.jpg","url":"https:\/\/www.domecz.cz\/wp-content\/uploads\/img_a306644_w2351_t1517913472.jpg","height":0,"width":0},"wordCount":524,"keywords":null},{"@type":"Article","@id":"https:\/\/www.domecz.cz\/nejtenci-zarovka-vyrobena-z-grafenu\/","headline":"Nejten\u010d\u00ed \u017e\u00e1rovka vyroben\u00e1 z grafenu","url":"https:\/\/www.domecz.cz\/nejtenci-zarovka-vyrobena-z-grafenu\/","datePublished":"2023-05-17","dateModified":"2023-05-17","mainEntityOfPage":"https:\/\/www.domecz.cz\/nejtenci-zarovka-vyrobena-z-grafenu\/","author":{"@type":"Person","@id":"https:\/\/www.domecz.cz\/author\/devene\/#Person","name":"devene","url":"https:\/\/www.domecz.cz\/author\/devene\/","identifier":1,"image":{"@type":"ImageObject","@id":"https:\/\/secure.gravatar.com\/avatar\/ccdd701717dc93db07d73e0c11dbbb8b91524cccc3bfbd3baea83667a3ebf5d6?s=96&d=mm&r=g","url":"https:\/\/secure.gravatar.com\/avatar\/ccdd701717dc93db07d73e0c11dbbb8b91524cccc3bfbd3baea83667a3ebf5d6?s=96&d=mm&r=g","height":96,"width":96}},"publisher":{"@type":"Organization","name":"domecz.cz","logo":{"@type":"ImageObject","@id":"\/logo.png","url":"\/logo.png","width":600,"height":60}},"image":{"@type":"ImageObject","@id":"https:\/\/www.domecz.cz\/wp-content\/uploads\/img_a299058_w2249_t1509127392.png","url":"https:\/\/www.domecz.cz\/wp-content\/uploads\/img_a299058_w2249_t1509127392.png","height":0,"width":0},"wordCount":452,"keywords":null}]},{"@context":"https:\/\/schema.org","@type":"WebSite","@id":"https:\/\/www.domecz.cz\/#website","name":"Dome CZ","url":"https:\/\/www.domecz.cz","potentialAction":{"@type":"SearchAction","target":"https:\/\/www.domecz.cz\/?s={search_term_string}","query-input":"required name=search_term_string"}}]