[{"@context":"https:\/\/schema.org\/","@type":"Article","@id":"https:\/\/www.domecz.cz\/recyklace-zarovek\/#Article","mainEntityOfPage":"https:\/\/www.domecz.cz\/recyklace-zarovek\/","headline":"Recyklace \u017e\u00e1rovek","name":"Recyklace \u017e\u00e1rovek","description":"Pod\u00edvejte se na strop. A\u0165 \u017eijete kdekoli a jste kdokoli,<span class=\"more-dots\"><a href=\"https:\/\/www.domecz.cz\/recyklace-zarovek\/\">[ ... ]<\/span><\/a>","datePublished":"2019-01-20","dateModified":"2023-05-17","author":{"@type":"Person","@id":"https:\/\/www.domecz.cz\/author\/devene\/#Person","name":"devene","url":"https:\/\/www.domecz.cz\/author\/devene\/","identifier":1,"image":{"@type":"ImageObject","@id":"https:\/\/secure.gravatar.com\/avatar\/ccdd701717dc93db07d73e0c11dbbb8b91524cccc3bfbd3baea83667a3ebf5d6?s=96&d=mm&r=g","url":"https:\/\/secure.gravatar.com\/avatar\/ccdd701717dc93db07d73e0c11dbbb8b91524cccc3bfbd3baea83667a3ebf5d6?s=96&d=mm&r=g","height":96,"width":96}},"publisher":{"@type":"Organization","name":"domecz.cz","logo":{"@type":"ImageObject","@id":"\/logo.png","url":"\/logo.png","width":600,"height":60}},"image":{"@type":"ImageObject","@id":"https:\/\/www.domecz.cz\/wp-content\/uploads\/img_a335210_w2312_t1548608703.jpg","url":"https:\/\/www.domecz.cz\/wp-content\/uploads\/img_a335210_w2312_t1548608703.jpg","height":0,"width":0},"url":"https:\/\/www.domecz.cz\/recyklace-zarovek\/","about":["Elektro"],"wordCount":441,"articleBody":"\tPod\u00edvejte se na strop. A\u0165 \u017eijete kdekoli a jste kdokoli, tak doma zaru\u010den\u011b m\u00e1te um\u011bl\u00fd zdroj osv\u011btlen\u00ed. Lampy, lustry i mal\u00e9 lampi\u010dky jsou ned\u00edlnou sou\u010d\u00e1st\u00ed ka\u017ed\u00e9ho domova a o jejich u\u017eite\u010dnosti a nutnosti nelze diskutovat. Probl\u00e9m ov\u0161em nast\u00e1v\u00e1 ve chv\u00edli, kdy p\u0159estanou fungovat. V\u00edte, jak s&nbsp;vyslou\u017eil\u00fdmi \u017e\u00e1rovkami? V\u00edte, co se s&nbsp;nimi potom d\u011bje a \u017ee je mo\u017en\u00e9 je recyklovat?\t\tZ&nbsp;pr\u016fzkum\u016f vypl\u00fdv\u00e1, \u017ee asi 80 procent dom\u00e1cnost\u00ed v&nbsp;\u010cech\u00e1ch m\u00e1 pov\u011bdom\u00ed o mo\u017enosti vr\u00e1cen\u00ed \u017e\u00e1rovek do ob\u011bhu. V&nbsp;praxi to ale vid\u011bt p\u0159\u00edli\u0161 nen\u00ed. A\u017e 30 procent \u00fasporn\u00fdch z\u00e1\u0159ivek st\u00e1le kon\u010d\u00ed v&nbsp;komun\u00e1ln\u00edm odpadu, i kdy\u017e tam v\u016fbec nepat\u0159\u00ed.\t\tKam s&nbsp;nimi?\t\u017d\u00e1dn\u00e9 star\u00e9 elektro do ko\u0161e nepat\u0159\u00ed. To v\u00ed ka\u017ed\u00e9 mal\u00e9 d\u00edt\u011b. Ne ka\u017ed\u00fd ale v\u00ed, kam v\u0161e m\u016f\u017ee odn\u00e9st. U ka\u017ed\u00e9ho se to samoz\u0159ejm\u011b li\u0161\u00ed. Na tyto mal\u00e9 pomocn\u00edky p\u0159i sv\u00edcen\u00ed jsou na mnoha m\u00edstech po cel\u00e9 republice p\u0159ipraveny v\u011bt\u0161\u00ed i men\u0161\u00ed boxy, do kter\u00fdch je m\u016f\u017eete um\u00edstit. Kde je naj\u00edt? To v\u00e1m \u0159ekne spole\u010dnost Ekolamp a jejich aplikace. Pomohou v\u00e1m nejen naj\u00edt box, ale tak\u00e9 zjistit, jestli se dan\u00fd produkt recyklovat d\u00e1 nebo ned\u00e1.\t\tNe v\u0161echno se sb\u00edr\u00e1\tNa webov\u00fdch str\u00e1nk\u00e1ch Ekolamp najdete nejen kompletn\u00ed mapu cel\u00e9 \u010cesk\u00e9 republiky a sb\u011brn\u00fdch m\u00edst, ale tak\u00e9 pov\u00edd\u00e1n\u00ed o rozd\u011blen\u00ed z\u00e1\u0159ivek. D\u011bl\u00ed se toti\u017e na line\u00e1rn\u00ed, kompaktn\u00ed, vysokotlak\u00e9 a n\u00edzkotlak\u00e9 v\u00fdbojov\u00e9 zdroje a LED diody. V\u0161echny tyto druhy se sb\u00edraj\u00ed a mohou se znovu zu\u017eitkovat. N\u011bkter\u00e9 z&nbsp;nich z\u00e1rove\u0148 obsahuj\u00ed nebezpe\u010dn\u00e9 l\u00e1tky, a proto se nesm\u00ed dostat do komun\u00e1ln\u00edho odpadu.\t&nbsp;\tExistuj\u00ed ov\u0161em i sv\u00edtidla, kter\u00e1 se recyklovat nedaj\u00ed. Jedn\u00e1 se o sv\u011bteln\u00e9 zdroje, kter\u00e9 jsou ze z\u00e1kona ze zp\u011btn\u00e9ho odb\u011bru vyjmuty a nesb\u00edraj\u00ed se. A\u017e je budete h\u00e1zet do komun\u00e1lu, tak se ale nemus\u00edte ob\u00e1vat. Neobsahuj\u00ed \u017e\u00e1dn\u00e9 \u0161kodliv\u00e9 l\u00e1tky a z\u00e1rove\u0148 p\u0159i jejich koupi neplat\u00edte poplatek za recyklaci tak jako u ostatn\u00edch. A kdy\u017e u\u017e za to plat\u00edte, tak toho tak\u00e9 naplno vyu\u017eijte. Myslete na p\u0159\u00edrodu. Jist\u011b v\u00e1m bude vd\u011b\u010dn\u00e1 a nebude v\u00e1s to st\u00e1t zas tolik \u00fasil\u00ed.                                                                                                                                                                                                                                                                                                                                                                                        4.1\/5 - (9 votes)        "},{"@context":"https:\/\/schema.org\/","@type":"BreadcrumbList","itemListElement":[{"@type":"ListItem","position":1,"name":"Recyklace \u017e\u00e1rovek","item":"https:\/\/www.domecz.cz\/recyklace-zarovek\/#breadcrumbitem"}]}]